{"id":1604,"date":"2015-05-24T11:07:25","date_gmt":"2015-05-24T08:07:25","guid":{"rendered":"http:\/\/www.mamarosa.fi\/blog\/?p=1604"},"modified":"2015-05-24T11:07:25","modified_gmt":"2015-05-24T08:07:25","slug":"lyyli-myrsky-iin-roytassa","status":"publish","type":"post","link":"http:\/\/www.mamarosa.fi\/blog\/?p=1604","title":{"rendered":"Lyyli-myrsky Iin R\u00f6yt\u00e4ss\u00e4"},"content":{"rendered":"<h6>23.5.2015 Iin R\u00f6ytt\u00e4<\/h6>\n<p>Nautiskelin aamulla chef Lotinan laittamaa aamiaista ja tutkin s\u00e4\u00e4ennusteet. \u2013 Oho, olivatpa muuttuneet.<\/p>\n<p>Rivakkaa tuulta oli Per\u00e4merelle ollut luvassa jo aiempien ennusteiden mukaan, mutta tuulialueen piti pysy\u00e4 ulompana avomerell\u00e4. R\u00f6ytt\u00e4\u00e4n luvattiin vain 10 m\/s. Nyt kuitenkin n\u00e4ytti silt\u00e4, ett\u00e4 tuulet ulottuisivat rannikollekin. R\u00f6yt\u00e4n tuulihuipuksi ennustettiin 17 m\/s ja se olisi klo 15 .<\/p>\n<p>Nykyinen laituripaikka ei ollut paras mahdollinen, varsinkaan jos tuuli k\u00e4\u00e4ntyisi l\u00e4nnemm\u00e4ksi. Silloin se painaisi meit\u00e4 laituria vasten. Ja sit\u00e4 huonompi, mit\u00e4 kovempi tuuli.<\/p>\n<p><a href=\"http:\/\/www.mamarosa.fi\/blog\/wp-content\/uploads\/2015\/05\/20150523_111511.jpg\"><img loading=\"lazy\" class=\"alignnone size-large wp-image-1606\" src=\"http:\/\/www.mamarosa.fi\/blog\/wp-content\/uploads\/2015\/05\/20150523_111511-1024x661.jpg\" alt=\"20150523_111511\" width=\"625\" height=\"403\" srcset=\"http:\/\/www.mamarosa.fi\/blog\/wp-content\/uploads\/2015\/05\/20150523_111511-1024x661.jpg 1024w, http:\/\/www.mamarosa.fi\/blog\/wp-content\/uploads\/2015\/05\/20150523_111511-300x194.jpg 300w, http:\/\/www.mamarosa.fi\/blog\/wp-content\/uploads\/2015\/05\/20150523_111511-768x496.jpg 768w, http:\/\/www.mamarosa.fi\/blog\/wp-content\/uploads\/2015\/05\/20150523_111511-624x403.jpg 624w, http:\/\/www.mamarosa.fi\/blog\/wp-content\/uploads\/2015\/05\/20150523_111511.jpg 1920w\" sizes=\"(max-width: 625px) 100vw, 625px\" \/><\/a><\/p>\n<p>Siirsimme Mamarosan aamiaisen j\u00e4lkeen parempaan paikkaan, ns. moottorivenelaiturin pohjoispuolelle. Keulan laitoimme l\u00e4ntt\u00e4 kohti. Kello oli 11:00, kun alus oli siirretty uudelle paikalle. S\u00e4\u00e4ennuste oli j\u00e4lleen muuttunut. Kovaa tuulta ei tulisi iltap\u00e4iv\u00e4ll\u00e4, mutta illalla huippu olisi 16 m\/s.<\/p>\n<p>Kello 12:26 tuulimittari n\u00e4ytti 18 m\/s. N\u00e4ytti vahvasti silt\u00e4, ett\u00e4 ennusteisiin ei olisi t\u00e4n\u00e4\u00e4n luottamista. Paransin veneen kiinnityst\u00e4. Tavallisesti kylkikiinnityksess\u00e4 k\u00e4yt\u00e4mme springi\u00e4 ja endaa keulassa ja per\u00e4ss\u00e4. Siten oli nytkin. Lis\u00e4sin keulan toisesta knaapista ja genoan vinssilt\u00e4 k\u00f6ydet laiturille.<\/p>\n<p>Tuuli koveni entisest\u00e4\u00e4n. Netist\u00e4 kaivettujen havaintotietojen mukaan Marjaniemess\u00e4 oli keskituuli 26 m\/s ja rintama tuli sielt\u00e4 meit\u00e4 kohti. Oli siis odotettavissa, ett\u00e4 se nousisi my\u00f6s R\u00f6yt\u00e4ss\u00e4. Niin k\u00e4vi. Keskituuli nousi pariinkymppiin.<\/p>\n<p><a href=\"http:\/\/www.mamarosa.fi\/blog\/wp-content\/uploads\/2015\/05\/20150523_1541120.jpg\"><img loading=\"lazy\" class=\"alignnone size-large wp-image-1599\" src=\"http:\/\/www.mamarosa.fi\/blog\/wp-content\/uploads\/2015\/05\/20150523_1541120-1024x702.jpg\" alt=\"20150523_154112(0)\" width=\"625\" height=\"428\" srcset=\"http:\/\/www.mamarosa.fi\/blog\/wp-content\/uploads\/2015\/05\/20150523_1541120-1024x702.jpg 1024w, http:\/\/www.mamarosa.fi\/blog\/wp-content\/uploads\/2015\/05\/20150523_1541120-300x206.jpg 300w, http:\/\/www.mamarosa.fi\/blog\/wp-content\/uploads\/2015\/05\/20150523_1541120-624x428.jpg 624w, http:\/\/www.mamarosa.fi\/blog\/wp-content\/uploads\/2015\/05\/20150523_1541120-110x75.jpg 110w, http:\/\/www.mamarosa.fi\/blog\/wp-content\/uploads\/2015\/05\/20150523_1541120.jpg 1920w\" sizes=\"(max-width: 625px) 100vw, 625px\" \/><\/a><\/p>\n<p>Kello 15:41 n\u00e4ytti tuulimittarimme puuskan voimakkuudeksi liki 27 m\/s. Keskituuli oli noin 23 m\/s lounaasta.<\/p>\n<p><a href=\"http:\/\/www.mamarosa.fi\/blog\/wp-content\/uploads\/2015\/05\/20150523_1556510.jpg\"><img loading=\"lazy\" class=\"alignnone size-large wp-image-1602\" src=\"http:\/\/www.mamarosa.fi\/blog\/wp-content\/uploads\/2015\/05\/20150523_1556510-1024x768.jpg\" alt=\"20150523_155651(0)\" width=\"625\" height=\"469\" srcset=\"http:\/\/www.mamarosa.fi\/blog\/wp-content\/uploads\/2015\/05\/20150523_1556510-1024x768.jpg 1024w, http:\/\/www.mamarosa.fi\/blog\/wp-content\/uploads\/2015\/05\/20150523_1556510-300x225.jpg 300w, http:\/\/www.mamarosa.fi\/blog\/wp-content\/uploads\/2015\/05\/20150523_1556510-624x468.jpg 624w, http:\/\/www.mamarosa.fi\/blog\/wp-content\/uploads\/2015\/05\/20150523_1556510-110x83.jpg 110w, http:\/\/www.mamarosa.fi\/blog\/wp-content\/uploads\/2015\/05\/20150523_1556510.jpg 1920w\" sizes=\"(max-width: 625px) 100vw, 625px\" \/><\/a><\/p>\n<p><a href=\"http:\/\/www.mamarosa.fi\/blog\/wp-content\/uploads\/2015\/05\/20150523_154317.jpg\"><img loading=\"lazy\" class=\"alignnone size-large wp-image-1603\" src=\"http:\/\/www.mamarosa.fi\/blog\/wp-content\/uploads\/2015\/05\/20150523_154317-1024x710.jpg\" alt=\"20150523_154317\" width=\"625\" height=\"433\" srcset=\"http:\/\/www.mamarosa.fi\/blog\/wp-content\/uploads\/2015\/05\/20150523_154317-1024x710.jpg 1024w, http:\/\/www.mamarosa.fi\/blog\/wp-content\/uploads\/2015\/05\/20150523_154317-300x208.jpg 300w, http:\/\/www.mamarosa.fi\/blog\/wp-content\/uploads\/2015\/05\/20150523_154317-624x433.jpg 624w, http:\/\/www.mamarosa.fi\/blog\/wp-content\/uploads\/2015\/05\/20150523_154317-110x76.jpg 110w, http:\/\/www.mamarosa.fi\/blog\/wp-content\/uploads\/2015\/05\/20150523_154317.jpg 1920w\" sizes=\"(max-width: 625px) 100vw, 625px\" \/><\/a><\/p>\n<p>Aaltojen p\u00e4rskeet lensiv\u00e4t m\u00f6lj\u00e4n yli. Vesi nousi todella korkealle. It\u00e4puolen aallonmurtajasta ei ollut en\u00e4\u00e4 paljon n\u00e4kyviss\u00e4. Satama-altaassa nousi vaahtop\u00e4it\u00e4. Myll\u00e4kk\u00e4 kesti useamman tunnin. V\u00e4lill\u00e4 se heikkeni hiukan ja alkoi uudelleen hiukan l\u00e4nnest\u00e4.<\/p>\n<p><a href=\"http:\/\/www.mamarosa.fi\/blog\/wp-content\/uploads\/2015\/05\/20150523_160231.jpg\"><img loading=\"lazy\" class=\"alignnone size-large wp-image-1600\" src=\"http:\/\/www.mamarosa.fi\/blog\/wp-content\/uploads\/2015\/05\/20150523_160231-1024x729.jpg\" alt=\"20150523_160231\" width=\"625\" height=\"445\" srcset=\"http:\/\/www.mamarosa.fi\/blog\/wp-content\/uploads\/2015\/05\/20150523_160231-1024x729.jpg 1024w, http:\/\/www.mamarosa.fi\/blog\/wp-content\/uploads\/2015\/05\/20150523_160231-300x214.jpg 300w, http:\/\/www.mamarosa.fi\/blog\/wp-content\/uploads\/2015\/05\/20150523_160231-624x444.jpg 624w, http:\/\/www.mamarosa.fi\/blog\/wp-content\/uploads\/2015\/05\/20150523_160231-110x78.jpg 110w, http:\/\/www.mamarosa.fi\/blog\/wp-content\/uploads\/2015\/05\/20150523_160231.jpg 1920w\" sizes=\"(max-width: 625px) 100vw, 625px\" \/><\/a><\/p>\n<p><a href=\"http:\/\/www.mamarosa.fi\/blog\/wp-content\/uploads\/2015\/05\/20150523_155931.jpg\"><img loading=\"lazy\" class=\"alignnone size-large wp-image-1601\" src=\"http:\/\/www.mamarosa.fi\/blog\/wp-content\/uploads\/2015\/05\/20150523_155931-1024x768.jpg\" alt=\"20150523_155931\" width=\"625\" height=\"469\" srcset=\"http:\/\/www.mamarosa.fi\/blog\/wp-content\/uploads\/2015\/05\/20150523_155931-1024x768.jpg 1024w, http:\/\/www.mamarosa.fi\/blog\/wp-content\/uploads\/2015\/05\/20150523_155931-300x225.jpg 300w, http:\/\/www.mamarosa.fi\/blog\/wp-content\/uploads\/2015\/05\/20150523_155931-624x468.jpg 624w, http:\/\/www.mamarosa.fi\/blog\/wp-content\/uploads\/2015\/05\/20150523_155931-110x83.jpg 110w, http:\/\/www.mamarosa.fi\/blog\/wp-content\/uploads\/2015\/05\/20150523_155931.jpg 1920w\" sizes=\"(max-width: 625px) 100vw, 625px\" \/><\/a><\/p>\n<p>K\u00e4vimme katselemassa myrskyn j\u00e4lki\u00e4 saaressa. Seuramme grillikatoksen katolle oli tippunut latva viereisest\u00e4 koivusta, mutta katto oli kest\u00e4nyt kolhun. Puita n\u00e4ytti sielt\u00e4 t\u00e4\u00e4lt\u00e4 kaatuneen tai j\u00e4\u00e4neen konkeloon.<\/p>\n<p>Mantereella n\u00e4ytti my\u00f6s olleen melkoista myllerryst\u00e4.<\/p>\n<ul>\n<li><a href=\"http:\/\/yle.fi\/uutiset\/myrsky_teki_tuhoja__puita_nurin_kaupan_katos_repeytyi__teita_lauttaliikenne_ja_sahkoja_poikki\/8013150\">http:\/\/yle.fi\/uutiset\/myrsky_teki_tuhoja__puita_nurin_kaupan_katos_repeytyi__teita_lauttaliikenne_ja_sahkoja_poikki\/8013150<\/a><\/li>\n<li><a href=\"http:\/\/www.kaleva.fi\/uutiset\/pohjois-suomi\/lyyli-myrsky-sai-aikaan-yli-200-halytysta-oulun-seudulla-aarirajoilla-oltiin\/697936\/\">http:\/\/www.kaleva.fi\/uutiset\/pohjois-suomi\/lyyli-myrsky-sai-aikaan-yli-200-halytysta-oulun-seudulla-aarirajoilla-oltiin\/697936\/<\/a><\/li>\n<\/ul>\n<p>S\u00e4\u00e4ennustaja: Miten noin niin kuin omasta mielest\u00e4 meni?<\/p>\n<p>&nbsp;<\/p>\n","protected":false},"excerpt":{"rendered":"<p>23.5.2015 Iin R\u00f6ytt\u00e4 Nautiskelin aamulla chef Lotinan laittamaa aamiaista ja tutkin s\u00e4\u00e4ennusteet. \u2013 Oho, olivatpa muuttuneet. Rivakkaa tuulta oli Per\u00e4merelle ollut luvassa jo aiempien ennusteiden mukaan, mutta tuulialueen piti pysy\u00e4 ulompana avomerell\u00e4. R\u00f6ytt\u00e4\u00e4n luvattiin vain 10 m\/s. Nyt kuitenkin n\u00e4ytti silt\u00e4, ett\u00e4 tuulet ulottuisivat rannikollekin. R\u00f6yt\u00e4n tuulihuipuksi ennustettiin 17 m\/s ja se olisi klo 15 [&hellip;]<\/p>\n","protected":false},"author":2,"featured_media":0,"comment_status":"open","ping_status":"open","sticky":false,"template":"","format":"standard","meta":{"_mi_skip_tracking":false,"jetpack_publicize_message":"","jetpack_is_tweetstorm":false,"jetpack_publicize_feature_enabled":true},"categories":[1],"tags":[],"jetpack_publicize_connections":[],"jetpack_featured_media_url":"","jetpack_sharing_enabled":true,"jetpack_shortlink":"https:\/\/wp.me\/p5Jzdp-pS","_links":{"self":[{"href":"http:\/\/www.mamarosa.fi\/blog\/index.php?rest_route=\/wp\/v2\/posts\/1604"}],"collection":[{"href":"http:\/\/www.mamarosa.fi\/blog\/index.php?rest_route=\/wp\/v2\/posts"}],"about":[{"href":"http:\/\/www.mamarosa.fi\/blog\/index.php?rest_route=\/wp\/v2\/types\/post"}],"author":[{"embeddable":true,"href":"http:\/\/www.mamarosa.fi\/blog\/index.php?rest_route=\/wp\/v2\/users\/2"}],"replies":[{"embeddable":true,"href":"http:\/\/www.mamarosa.fi\/blog\/index.php?rest_route=%2Fwp%2Fv2%2Fcomments&post=1604"}],"version-history":[{"count":2,"href":"http:\/\/www.mamarosa.fi\/blog\/index.php?rest_route=\/wp\/v2\/posts\/1604\/revisions"}],"predecessor-version":[{"id":1607,"href":"http:\/\/www.mamarosa.fi\/blog\/index.php?rest_route=\/wp\/v2\/posts\/1604\/revisions\/1607"}],"wp:attachment":[{"href":"http:\/\/www.mamarosa.fi\/blog\/index.php?rest_route=%2Fwp%2Fv2%2Fmedia&parent=1604"}],"wp:term":[{"taxonomy":"category","embeddable":true,"href":"http:\/\/www.mamarosa.fi\/blog\/index.php?rest_route=%2Fwp%2Fv2%2Fcategories&post=1604"},{"taxonomy":"post_tag","embeddable":true,"href":"http:\/\/www.mamarosa.fi\/blog\/index.php?rest_route=%2Fwp%2Fv2%2Ftags&post=1604"}],"curies":[{"name":"wp","href":"https:\/\/api.w.org\/{rel}","templated":true}]}}