{"id":873,"date":"2014-04-18T22:56:26","date_gmt":"2014-04-18T19:56:26","guid":{"rendered":"http:\/\/www.mamarosa.fi\/blog\/?p=873"},"modified":"2014-04-18T22:56:26","modified_gmt":"2014-04-18T19:56:26","slug":"kurkistus-peiton-alle","status":"publish","type":"post","link":"http:\/\/www.mamarosa.fi\/blog\/?p=873","title":{"rendered":"Kurkistus peiton alle"},"content":{"rendered":"<p><a href=\"http:\/\/www.mamarosa.fi\/blog\/wp-content\/uploads\/2014\/04\/20140418_134730.jpg\"><img loading=\"lazy\" class=\"alignnone size-large wp-image-877\" alt=\"20140418_134730\" src=\"http:\/\/www.mamarosa.fi\/blog\/wp-content\/uploads\/2014\/04\/20140418_134730-1024x732.jpg\" width=\"625\" height=\"446\" srcset=\"http:\/\/www.mamarosa.fi\/blog\/wp-content\/uploads\/2014\/04\/20140418_134730-1024x732.jpg 1024w, http:\/\/www.mamarosa.fi\/blog\/wp-content\/uploads\/2014\/04\/20140418_134730-300x214.jpg 300w, http:\/\/www.mamarosa.fi\/blog\/wp-content\/uploads\/2014\/04\/20140418_134730-624x446.jpg 624w, http:\/\/www.mamarosa.fi\/blog\/wp-content\/uploads\/2014\/04\/20140418_134730.jpg 1920w\" sizes=\"(max-width: 625px) 100vw, 625px\" \/><\/a><\/p>\n<p>Hietasaaressa oli t\u00e4n\u00e4\u00e4n hiljaista. Aamup\u00e4iv\u00e4ll\u00e4 satoi ja iltap\u00e4iv\u00e4ll\u00e4kin s\u00e4\u00e4 oli viel\u00e4 pilvinen ja kostea. S\u00e4\u00e4 ei siis pahemmin houkutellut kev\u00e4tkunnostajia venerantaan. Lopun p\u00e4\u00e4si\u00e4ist\u00e4 on luvassa aurinkoisempaa s\u00e4\u00e4t\u00e4. Veikkaanpa, ett\u00e4 huomenna rannassa on jo vilskett\u00e4.<\/p>\n<p><a href=\"http:\/\/www.mamarosa.fi\/blog\/wp-content\/uploads\/2014\/04\/20140418_141945.jpg\"><img loading=\"lazy\" class=\"alignnone size-large wp-image-876\" alt=\"20140418_141945\" src=\"http:\/\/www.mamarosa.fi\/blog\/wp-content\/uploads\/2014\/04\/20140418_141945-1024x765.jpg\" width=\"625\" height=\"466\" srcset=\"http:\/\/www.mamarosa.fi\/blog\/wp-content\/uploads\/2014\/04\/20140418_141945-1024x765.jpg 1024w, http:\/\/www.mamarosa.fi\/blog\/wp-content\/uploads\/2014\/04\/20140418_141945-300x224.jpg 300w, http:\/\/www.mamarosa.fi\/blog\/wp-content\/uploads\/2014\/04\/20140418_141945-624x466.jpg 624w, http:\/\/www.mamarosa.fi\/blog\/wp-content\/uploads\/2014\/04\/20140418_141945.jpg 1920w\" sizes=\"(max-width: 625px) 100vw, 625px\" \/><\/a><\/p>\n<p>Kovinkaan monelta veneelt\u00e4 ei ole viel\u00e4 riisuttu peitett\u00e4.\u00a0 Vesillelaskut aloitetaan kahden viikon kuluttua, joten ensimm\u00e4isen\u00e4 vesille mielivill\u00e4 tulee pian kiire.<\/p>\n<p><a href=\"http:\/\/www.mamarosa.fi\/blog\/wp-content\/uploads\/2014\/04\/20140418_142513.jpg\"><img loading=\"lazy\" class=\"alignnone size-large wp-image-875\" alt=\"20140418_142513\" src=\"http:\/\/www.mamarosa.fi\/blog\/wp-content\/uploads\/2014\/04\/20140418_142513-1024x718.jpg\" width=\"625\" height=\"438\" srcset=\"http:\/\/www.mamarosa.fi\/blog\/wp-content\/uploads\/2014\/04\/20140418_142513-1024x718.jpg 1024w, http:\/\/www.mamarosa.fi\/blog\/wp-content\/uploads\/2014\/04\/20140418_142513-300x210.jpg 300w, http:\/\/www.mamarosa.fi\/blog\/wp-content\/uploads\/2014\/04\/20140418_142513-624x438.jpg 624w, http:\/\/www.mamarosa.fi\/blog\/wp-content\/uploads\/2014\/04\/20140418_142513.jpg 1920w\" sizes=\"(max-width: 625px) 100vw, 625px\" \/><\/a><\/p>\n<p>Availin Mamarosan peitteit\u00e4 hiukan keulasta ja per\u00e4st\u00e4. Ilma p\u00e4\u00e4see kunnolla liikkumaan ja peite kuivumaan t\u00e4m\u00e4n p\u00e4iv\u00e4isen sateen j\u00e4ljilt\u00e4. Jos se vaikka huomenna ker\u00e4tt\u00e4isi pois.<\/p>\n<p><a href=\"http:\/\/www.mamarosa.fi\/blog\/wp-content\/uploads\/2014\/04\/20140418_142841_LLS.jpg\"><img loading=\"lazy\" class=\"alignnone size-large wp-image-878\" alt=\"20140418_142841_LLS\" src=\"http:\/\/www.mamarosa.fi\/blog\/wp-content\/uploads\/2014\/04\/20140418_142841_LLS-1024x768.jpg\" width=\"625\" height=\"468\" srcset=\"http:\/\/www.mamarosa.fi\/blog\/wp-content\/uploads\/2014\/04\/20140418_142841_LLS-1024x768.jpg 1024w, http:\/\/www.mamarosa.fi\/blog\/wp-content\/uploads\/2014\/04\/20140418_142841_LLS-300x225.jpg 300w, http:\/\/www.mamarosa.fi\/blog\/wp-content\/uploads\/2014\/04\/20140418_142841_LLS-624x468.jpg 624w, http:\/\/www.mamarosa.fi\/blog\/wp-content\/uploads\/2014\/04\/20140418_142841_LLS.jpg 1920w\" sizes=\"(max-width: 625px) 100vw, 625px\" \/><\/a><\/p>\n<p>Kaikki n\u00e4ytti olevan sis\u00e4ll\u00e4kin hyvin. Laitoin akut lautaukseen. Huomenna aherrus jatkuu.<\/p>\n","protected":false},"excerpt":{"rendered":"<p>Hietasaaressa oli t\u00e4n\u00e4\u00e4n hiljaista. Aamup\u00e4iv\u00e4ll\u00e4 satoi ja iltap\u00e4iv\u00e4ll\u00e4kin s\u00e4\u00e4 oli viel\u00e4 pilvinen ja kostea. S\u00e4\u00e4 ei siis pahemmin houkutellut kev\u00e4tkunnostajia venerantaan. Lopun p\u00e4\u00e4si\u00e4ist\u00e4 on luvassa aurinkoisempaa s\u00e4\u00e4t\u00e4. Veikkaanpa, ett\u00e4 huomenna rannassa on jo vilskett\u00e4. Kovinkaan monelta veneelt\u00e4 ei ole viel\u00e4 riisuttu peitett\u00e4.\u00a0 Vesillelaskut aloitetaan kahden viikon kuluttua, joten ensimm\u00e4isen\u00e4 vesille mielivill\u00e4 tulee pian kiire. Availin [&hellip;]<\/p>\n","protected":false},"author":2,"featured_media":0,"comment_status":"open","ping_status":"open","sticky":false,"template":"","format":"standard","meta":{"_mi_skip_tracking":false,"jetpack_publicize_message":"","jetpack_is_tweetstorm":false,"jetpack_publicize_feature_enabled":true},"categories":[1],"tags":[],"jetpack_publicize_connections":[],"jetpack_featured_media_url":"","jetpack_sharing_enabled":true,"jetpack_shortlink":"https:\/\/wp.me\/p5Jzdp-e5","_links":{"self":[{"href":"http:\/\/www.mamarosa.fi\/blog\/index.php?rest_route=\/wp\/v2\/posts\/873"}],"collection":[{"href":"http:\/\/www.mamarosa.fi\/blog\/index.php?rest_route=\/wp\/v2\/posts"}],"about":[{"href":"http:\/\/www.mamarosa.fi\/blog\/index.php?rest_route=\/wp\/v2\/types\/post"}],"author":[{"embeddable":true,"href":"http:\/\/www.mamarosa.fi\/blog\/index.php?rest_route=\/wp\/v2\/users\/2"}],"replies":[{"embeddable":true,"href":"http:\/\/www.mamarosa.fi\/blog\/index.php?rest_route=%2Fwp%2Fv2%2Fcomments&post=873"}],"version-history":[{"count":2,"href":"http:\/\/www.mamarosa.fi\/blog\/index.php?rest_route=\/wp\/v2\/posts\/873\/revisions"}],"predecessor-version":[{"id":879,"href":"http:\/\/www.mamarosa.fi\/blog\/index.php?rest_route=\/wp\/v2\/posts\/873\/revisions\/879"}],"wp:attachment":[{"href":"http:\/\/www.mamarosa.fi\/blog\/index.php?rest_route=%2Fwp%2Fv2%2Fmedia&parent=873"}],"wp:term":[{"taxonomy":"category","embeddable":true,"href":"http:\/\/www.mamarosa.fi\/blog\/index.php?rest_route=%2Fwp%2Fv2%2Fcategories&post=873"},{"taxonomy":"post_tag","embeddable":true,"href":"http:\/\/www.mamarosa.fi\/blog\/index.php?rest_route=%2Fwp%2Fv2%2Ftags&post=873"}],"curies":[{"name":"wp","href":"https:\/\/api.w.org\/{rel}","templated":true}]}}