{"id":1306,"date":"2014-08-23T19:07:34","date_gmt":"2014-08-23T16:07:34","guid":{"rendered":"http:\/\/www.mamarosa.fi\/blog\/?p=1306"},"modified":"2014-08-24T13:28:43","modified_gmt":"2014-08-24T10:28:43","slug":"vastuullisia-tehtavia","status":"publish","type":"post","link":"https:\/\/www.mamarosa.fi\/blog\/?p=1306","title":{"rendered":"T\u00e4rkeit\u00e4 teht\u00e4vi\u00e4"},"content":{"rendered":"<p>Perjantaina aamulla kuulin ensimm\u00e4isen varman merkin l\u00e4hestyv\u00e4st\u00e4 syksyst\u00e4: radiossa soi Mamban \u201dViel\u00e4 on kes\u00e4\u00e4 j\u00e4ljell\u00e4\u201d.<\/p>\n<p>Kristiina oli ty\u00f6reissulla. Yksin minun ei kuitenkaan tarvinnut merelle l\u00e4hte\u00e4, sill\u00e4 matkaan l\u00e4hti kolme reipasta matruusia.<\/p>\n<p><a href=\"http:\/\/www.mamarosa.fi\/blog\/wp-content\/uploads\/2014\/08\/20140822_161856.jpg\"><img loading=\"lazy\" class=\"alignnone size-large wp-image-1304\" src=\"http:\/\/www.mamarosa.fi\/blog\/wp-content\/uploads\/2014\/08\/20140822_161856-753x1024.jpg\" alt=\"20140822_161856\" width=\"625\" height=\"849\" srcset=\"https:\/\/www.mamarosa.fi\/blog\/wp-content\/uploads\/2014\/08\/20140822_161856-753x1024.jpg 753w, https:\/\/www.mamarosa.fi\/blog\/wp-content\/uploads\/2014\/08\/20140822_161856-220x300.jpg 220w, https:\/\/www.mamarosa.fi\/blog\/wp-content\/uploads\/2014\/08\/20140822_161856-624x847.jpg 624w, https:\/\/www.mamarosa.fi\/blog\/wp-content\/uploads\/2014\/08\/20140822_161856.jpg 1413w\" sizes=\"(max-width: 625px) 100vw, 625px\" \/><\/a><\/p>\n<p>L\u00e4hdimme liikkeelle klo 16. Tuuli oli N 1-3 m\/s, joten R\u00f6ytt\u00e4\u00e4n menness\u00e4 ei juuri viitsinyt ryhty\u00e4 purjeita nostamaan. Katoimme sitlooraan v\u00e4lipalaa ja ajelimme moottorilla.<\/p>\n<p><a href=\"http:\/\/www.mamarosa.fi\/blog\/wp-content\/uploads\/2014\/08\/20140822_170146.jpg\"><img loading=\"lazy\" class=\"alignnone size-large wp-image-1303\" src=\"http:\/\/www.mamarosa.fi\/blog\/wp-content\/uploads\/2014\/08\/20140822_170146-850x1024.jpg\" alt=\"20140822_170146\" width=\"625\" height=\"752\" srcset=\"https:\/\/www.mamarosa.fi\/blog\/wp-content\/uploads\/2014\/08\/20140822_170146-850x1024.jpg 850w, https:\/\/www.mamarosa.fi\/blog\/wp-content\/uploads\/2014\/08\/20140822_170146-249x300.jpg 249w, https:\/\/www.mamarosa.fi\/blog\/wp-content\/uploads\/2014\/08\/20140822_170146-624x751.jpg 624w, https:\/\/www.mamarosa.fi\/blog\/wp-content\/uploads\/2014\/08\/20140822_170146.jpg 1595w\" sizes=\"(max-width: 625px) 100vw, 625px\" \/><\/a><\/p>\n<p>Otto hautautui per\u00e4punkkaan katselemaan pelivideoita Youtubesta.<\/p>\n<p><a href=\"http:\/\/www.mamarosa.fi\/blog\/wp-content\/uploads\/2014\/08\/20140822_173822.jpg\"><img loading=\"lazy\" class=\"alignnone size-large wp-image-1302\" src=\"http:\/\/www.mamarosa.fi\/blog\/wp-content\/uploads\/2014\/08\/20140822_173822-768x1024.jpg\" alt=\"20140822_173822\" width=\"625\" height=\"833\" srcset=\"https:\/\/www.mamarosa.fi\/blog\/wp-content\/uploads\/2014\/08\/20140822_173822-768x1024.jpg 768w, https:\/\/www.mamarosa.fi\/blog\/wp-content\/uploads\/2014\/08\/20140822_173822-225x300.jpg 225w, https:\/\/www.mamarosa.fi\/blog\/wp-content\/uploads\/2014\/08\/20140822_173822-624x832.jpg 624w, https:\/\/www.mamarosa.fi\/blog\/wp-content\/uploads\/2014\/08\/20140822_173822.jpg 1440w\" sizes=\"(max-width: 625px) 100vw, 625px\" \/><\/a><\/p>\n<p>Ida on saanut juuri eskarikirjan ja ensimm\u00e4ist\u00e4 kertaa kotil\u00e4ksyj\u00e4. Ne t\u00e4ytyi tietenkin tehd\u00e4 heti veneess\u00e4 valmiiksi.<\/p>\n<p><a href=\"http:\/\/www.mamarosa.fi\/blog\/wp-content\/uploads\/2014\/08\/20140822_195603.jpg\"><img loading=\"lazy\" class=\"alignnone size-large wp-image-1301\" src=\"http:\/\/www.mamarosa.fi\/blog\/wp-content\/uploads\/2014\/08\/20140822_195603-1024x750.jpg\" alt=\"20140822_195603\" width=\"625\" height=\"457\" srcset=\"https:\/\/www.mamarosa.fi\/blog\/wp-content\/uploads\/2014\/08\/20140822_195603-1024x750.jpg 1024w, https:\/\/www.mamarosa.fi\/blog\/wp-content\/uploads\/2014\/08\/20140822_195603-300x219.jpg 300w, https:\/\/www.mamarosa.fi\/blog\/wp-content\/uploads\/2014\/08\/20140822_195603-624x457.jpg 624w, https:\/\/www.mamarosa.fi\/blog\/wp-content\/uploads\/2014\/08\/20140822_195603.jpg 1920w\" sizes=\"(max-width: 625px) 100vw, 625px\" \/><\/a><\/p>\n<p>Otto sai vastuullisen teht\u00e4v\u00e4n R\u00f6ytt\u00e4\u00e4n t\u00f6ijatessa. Kiinnitin poijuhaan poijuun, mutta Oton teht\u00e4v\u00e4ksi j\u00e4i s\u00e4\u00e4nn\u00f6stell\u00e4 k\u00f6ytt\u00e4. Otto oli ylpe\u00e4 suorituksestaan. Eik\u00e4 suotta, sill\u00e4 man\u00f6\u00f6veri meni tosi hyvin.<a href=\"http:\/\/www.mamarosa.fi\/blog\/wp-content\/uploads\/2014\/08\/20140822_222026_LLS.jpg\"><img loading=\"lazy\" class=\"alignnone size-large wp-image-1305\" src=\"http:\/\/www.mamarosa.fi\/blog\/wp-content\/uploads\/2014\/08\/20140822_222026_LLS-1024x768.jpg\" alt=\"20140822_222026_LLS\" width=\"625\" height=\"468\" srcset=\"https:\/\/www.mamarosa.fi\/blog\/wp-content\/uploads\/2014\/08\/20140822_222026_LLS-1024x768.jpg 1024w, https:\/\/www.mamarosa.fi\/blog\/wp-content\/uploads\/2014\/08\/20140822_222026_LLS-300x225.jpg 300w, https:\/\/www.mamarosa.fi\/blog\/wp-content\/uploads\/2014\/08\/20140822_222026_LLS-624x468.jpg 624w, https:\/\/www.mamarosa.fi\/blog\/wp-content\/uploads\/2014\/08\/20140822_222026_LLS.jpg 1920w\" sizes=\"(max-width: 625px) 100vw, 625px\" \/><\/a><\/p>\n<p>Pimenev\u00e4 ilta oli R\u00f6yt\u00e4ss\u00e4 tunnelmallinen. Miehist\u00f6n nukkumaanmenon j\u00e4lkeen jaksoin istua sitloorassa vain hetken, ennen kuin uni alkoi minullakin painaa.<\/p>\n","protected":false},"excerpt":{"rendered":"<p>Perjantaina aamulla kuulin ensimm\u00e4isen varman merkin l\u00e4hestyv\u00e4st\u00e4 syksyst\u00e4: radiossa soi Mamban \u201dViel\u00e4 on kes\u00e4\u00e4 j\u00e4ljell\u00e4\u201d. Kristiina oli ty\u00f6reissulla. Yksin minun ei kuitenkaan tarvinnut merelle l\u00e4hte\u00e4, sill\u00e4 matkaan l\u00e4hti kolme reipasta matruusia. L\u00e4hdimme liikkeelle klo 16. Tuuli oli N 1-3 m\/s, joten R\u00f6ytt\u00e4\u00e4n menness\u00e4 ei juuri viitsinyt ryhty\u00e4 purjeita nostamaan. Katoimme sitlooraan v\u00e4lipalaa ja ajelimme moottorilla. [&hellip;]<\/p>\n","protected":false},"author":2,"featured_media":0,"comment_status":"open","ping_status":"open","sticky":false,"template":"","format":"standard","meta":{"_mi_skip_tracking":false,"jetpack_publicize_message":"","jetpack_is_tweetstorm":false,"jetpack_publicize_feature_enabled":true},"categories":[1],"tags":[],"jetpack_publicize_connections":[],"jetpack_featured_media_url":"","jetpack_sharing_enabled":true,"jetpack_shortlink":"https:\/\/wp.me\/p5Jzdp-l4","_links":{"self":[{"href":"https:\/\/www.mamarosa.fi\/blog\/index.php?rest_route=\/wp\/v2\/posts\/1306"}],"collection":[{"href":"https:\/\/www.mamarosa.fi\/blog\/index.php?rest_route=\/wp\/v2\/posts"}],"about":[{"href":"https:\/\/www.mamarosa.fi\/blog\/index.php?rest_route=\/wp\/v2\/types\/post"}],"author":[{"embeddable":true,"href":"https:\/\/www.mamarosa.fi\/blog\/index.php?rest_route=\/wp\/v2\/users\/2"}],"replies":[{"embeddable":true,"href":"https:\/\/www.mamarosa.fi\/blog\/index.php?rest_route=%2Fwp%2Fv2%2Fcomments&post=1306"}],"version-history":[{"count":2,"href":"https:\/\/www.mamarosa.fi\/blog\/index.php?rest_route=\/wp\/v2\/posts\/1306\/revisions"}],"predecessor-version":[{"id":1308,"href":"https:\/\/www.mamarosa.fi\/blog\/index.php?rest_route=\/wp\/v2\/posts\/1306\/revisions\/1308"}],"wp:attachment":[{"href":"https:\/\/www.mamarosa.fi\/blog\/index.php?rest_route=%2Fwp%2Fv2%2Fmedia&parent=1306"}],"wp:term":[{"taxonomy":"category","embeddable":true,"href":"https:\/\/www.mamarosa.fi\/blog\/index.php?rest_route=%2Fwp%2Fv2%2Fcategories&post=1306"},{"taxonomy":"post_tag","embeddable":true,"href":"https:\/\/www.mamarosa.fi\/blog\/index.php?rest_route=%2Fwp%2Fv2%2Ftags&post=1306"}],"curies":[{"name":"wp","href":"https:\/\/api.w.org\/{rel}","templated":true}]}}