{"id":2688,"date":"2017-06-21T17:17:55","date_gmt":"2017-06-21T14:17:55","guid":{"rendered":"http:\/\/www.mamarosa.fi\/blog\/?p=2688"},"modified":"2017-06-21T17:17:55","modified_gmt":"2017-06-21T14:17:55","slug":"telepatiaa-liian-nopeasti","status":"publish","type":"post","link":"https:\/\/www.mamarosa.fi\/blog\/?p=2688","title":{"rendered":"Telepatiaa liian nopeasti"},"content":{"rendered":"<p><strong>Pe 16.6.2017 Veneilykeskus, Oulu \u2013 Iin R\u00f6ytt\u00e4<\/strong> \u2022 <a href=\"http:\/\/www.mamarosa.fi\/blog\/?page_id=1575&amp;date=2017-06-16\">reitti kartalla<\/a><\/p>\n<p>Kiiruhdin miehist\u00f6n kanssa alukselle iltap\u00e4iv\u00e4ll\u00e4.<\/p>\n<p>P\u00e4\u00e4simme liikkeelle juuri oikeaan aikaan. Ajoimme Meritullin vierassatamaan ja poimimme juuri t\u00f6ist\u00e4 p\u00e4\u00e4sseen Kristiinan kyytiin.<\/p>\n<p><a href=\"http:\/\/www.mamarosa.fi\/blog\/wp-content\/uploads\/2017\/06\/20170616_165827.jpg\"><img loading=\"lazy\" class=\"alignnone size-large wp-image-2684\" src=\"http:\/\/www.mamarosa.fi\/blog\/wp-content\/uploads\/2017\/06\/20170616_165827-1024x717.jpg\" alt=\"\" width=\"625\" height=\"438\" srcset=\"https:\/\/www.mamarosa.fi\/blog\/wp-content\/uploads\/2017\/06\/20170616_165827-1024x717.jpg 1024w, https:\/\/www.mamarosa.fi\/blog\/wp-content\/uploads\/2017\/06\/20170616_165827-300x210.jpg 300w, https:\/\/www.mamarosa.fi\/blog\/wp-content\/uploads\/2017\/06\/20170616_165827-768x538.jpg 768w, https:\/\/www.mamarosa.fi\/blog\/wp-content\/uploads\/2017\/06\/20170616_165827-624x437.jpg 624w, https:\/\/www.mamarosa.fi\/blog\/wp-content\/uploads\/2017\/06\/20170616_165827.jpg 1920w\" sizes=\"(max-width: 625px) 100vw, 625px\" \/><\/a><\/p>\n<p>Nuottasaaren laituriin oli kiinnittyneen\u00e4 kaapelinlaskualus Telepaatti. Poikkesimme ottamassa siit\u00e4 kuvan merenkulkuhistoriaa harrastavalle is\u00e4lleni.<\/p>\n<p>Hauskanniminen alus on j\u00e4\u00e4nyt mielenkiintoisella tavalla historiaan. Se oli nimitt\u00e4in ensimm\u00e4inen l\u00e4nsimainen alus, joka p\u00e4\u00e4stettiin vuoden 1917 vallankumouksen j\u00e4lkeen Neva-joen kautta Laatokalle. Telepaatti oli vuonna 2013 laskemassa korkeaj\u00e4nnitekaapelia yhdist\u00e4m\u00e4\u00e4n Valamon saaria.<\/p>\n<p><a href=\"http:\/\/www.mamarosa.fi\/blog\/wp-content\/uploads\/2017\/06\/20170616_193740.jpg\"><img loading=\"lazy\" class=\"alignnone size-large wp-image-2687\" src=\"http:\/\/www.mamarosa.fi\/blog\/wp-content\/uploads\/2017\/06\/20170616_193740-1024x768.jpg\" alt=\"\" width=\"625\" height=\"469\" srcset=\"https:\/\/www.mamarosa.fi\/blog\/wp-content\/uploads\/2017\/06\/20170616_193740-1024x768.jpg 1024w, https:\/\/www.mamarosa.fi\/blog\/wp-content\/uploads\/2017\/06\/20170616_193740-300x225.jpg 300w, https:\/\/www.mamarosa.fi\/blog\/wp-content\/uploads\/2017\/06\/20170616_193740-768x576.jpg 768w, https:\/\/www.mamarosa.fi\/blog\/wp-content\/uploads\/2017\/06\/20170616_193740-624x468.jpg 624w, https:\/\/www.mamarosa.fi\/blog\/wp-content\/uploads\/2017\/06\/20170616_193740.jpg 1920w\" sizes=\"(max-width: 625px) 100vw, 625px\" \/><\/a><\/p>\n<p>Yritin uskotella koko ajan, ett\u00e4 kyll\u00e4 tuuli viel\u00e4 viri\u00e4\u00e4 ja p\u00e4\u00e4semme purjehtimaan. Aivan turhaa taistelua ennusteita ja todellisuutta vastaan. Tuuli heikkeni entisest\u00e4\u00e4n. Ajelimme moottorilla ja puuhastelimme kaikenlaista.<\/p>\n<p>Perill\u00e4 oli laiturilla kavereita odottamassa Ottoa ja Idaa.<\/p>\n<p><a href=\"http:\/\/www.mamarosa.fi\/blog\/wp-content\/uploads\/2017\/06\/20170616_214559.jpg\"><img loading=\"lazy\" class=\"alignnone size-large wp-image-2686\" src=\"http:\/\/www.mamarosa.fi\/blog\/wp-content\/uploads\/2017\/06\/20170616_214559-1024x680.jpg\" alt=\"\" width=\"625\" height=\"415\" srcset=\"https:\/\/www.mamarosa.fi\/blog\/wp-content\/uploads\/2017\/06\/20170616_214559-1024x680.jpg 1024w, https:\/\/www.mamarosa.fi\/blog\/wp-content\/uploads\/2017\/06\/20170616_214559-300x199.jpg 300w, https:\/\/www.mamarosa.fi\/blog\/wp-content\/uploads\/2017\/06\/20170616_214559-768x510.jpg 768w, https:\/\/www.mamarosa.fi\/blog\/wp-content\/uploads\/2017\/06\/20170616_214559-624x414.jpg 624w, https:\/\/www.mamarosa.fi\/blog\/wp-content\/uploads\/2017\/06\/20170616_214559.jpg 1920w\" sizes=\"(max-width: 625px) 100vw, 625px\" \/><\/a><\/p>\n<p>Luotsilan pihalle oli pystytetty telttoja. Laituriparlamentissa sanottiin, ett\u00e4 joku ryhm\u00e4 oli tullut saareen osallistumaan <a href=\"http:\/\/www.suomenlatu.fi\/nukuyoulkona\" target=\"_blank\" rel=\"noopener\">\u201dNuku y\u00f6 ulkona\u201d-kampanjaan<\/a>.<\/p>\n<p><a href=\"http:\/\/www.mamarosa.fi\/blog\/wp-content\/uploads\/2017\/06\/20170616_222617.jpg\"><img loading=\"lazy\" class=\"alignnone size-large wp-image-2685\" src=\"http:\/\/www.mamarosa.fi\/blog\/wp-content\/uploads\/2017\/06\/20170616_222617-1024x739.jpg\" alt=\"\" width=\"625\" height=\"451\" srcset=\"https:\/\/www.mamarosa.fi\/blog\/wp-content\/uploads\/2017\/06\/20170616_222617-1024x739.jpg 1024w, https:\/\/www.mamarosa.fi\/blog\/wp-content\/uploads\/2017\/06\/20170616_222617-300x217.jpg 300w, https:\/\/www.mamarosa.fi\/blog\/wp-content\/uploads\/2017\/06\/20170616_222617-768x554.jpg 768w, https:\/\/www.mamarosa.fi\/blog\/wp-content\/uploads\/2017\/06\/20170616_222617-624x450.jpg 624w, https:\/\/www.mamarosa.fi\/blog\/wp-content\/uploads\/2017\/06\/20170616_222617.jpg 1920w\" sizes=\"(max-width: 625px) 100vw, 625px\" \/><\/a><\/p>\n<p>K\u00e4vimme Jarin ja Matin kanssa ottamassa t\u00e4m\u00e4n kauden ensimm\u00e4iset l\u00f6ylyt Per\u00e4meren parhaassa saunassa eli Oulun Purjehdusseuran saunassa.<\/p>\n<p>Illan p\u00e4\u00e4lle kyl\u00e4ilimme S\/Y Moonlightissa. Jotenkin ilta tuntui vier\u00e4ht\u00e4v\u00e4n liian nopeasti. Niin kai se aina tekee, kun on mukavaa.<\/p>\n","protected":false},"excerpt":{"rendered":"<p>Pe 16.6.2017 Veneilykeskus, Oulu \u2013 Iin R\u00f6ytt\u00e4 \u2022 reitti kartalla Kiiruhdin miehist\u00f6n kanssa alukselle iltap\u00e4iv\u00e4ll\u00e4. P\u00e4\u00e4simme liikkeelle juuri oikeaan aikaan. Ajoimme Meritullin vierassatamaan ja poimimme juuri t\u00f6ist\u00e4 p\u00e4\u00e4sseen Kristiinan kyytiin. Nuottasaaren laituriin oli kiinnittyneen\u00e4 kaapelinlaskualus Telepaatti. Poikkesimme ottamassa siit\u00e4 kuvan merenkulkuhistoriaa harrastavalle is\u00e4lleni. Hauskanniminen alus on j\u00e4\u00e4nyt mielenkiintoisella tavalla historiaan. Se oli nimitt\u00e4in ensimm\u00e4inen l\u00e4nsimainen [&hellip;]<\/p>\n","protected":false},"author":2,"featured_media":0,"comment_status":"open","ping_status":"open","sticky":false,"template":"","format":"standard","meta":{"_mi_skip_tracking":false,"jetpack_publicize_message":"","jetpack_is_tweetstorm":false,"jetpack_publicize_feature_enabled":true},"categories":[1],"tags":[],"jetpack_publicize_connections":[],"jetpack_featured_media_url":"","jetpack_sharing_enabled":true,"jetpack_shortlink":"https:\/\/wp.me\/p5Jzdp-Hm","_links":{"self":[{"href":"https:\/\/www.mamarosa.fi\/blog\/index.php?rest_route=\/wp\/v2\/posts\/2688"}],"collection":[{"href":"https:\/\/www.mamarosa.fi\/blog\/index.php?rest_route=\/wp\/v2\/posts"}],"about":[{"href":"https:\/\/www.mamarosa.fi\/blog\/index.php?rest_route=\/wp\/v2\/types\/post"}],"author":[{"embeddable":true,"href":"https:\/\/www.mamarosa.fi\/blog\/index.php?rest_route=\/wp\/v2\/users\/2"}],"replies":[{"embeddable":true,"href":"https:\/\/www.mamarosa.fi\/blog\/index.php?rest_route=%2Fwp%2Fv2%2Fcomments&post=2688"}],"version-history":[{"count":3,"href":"https:\/\/www.mamarosa.fi\/blog\/index.php?rest_route=\/wp\/v2\/posts\/2688\/revisions"}],"predecessor-version":[{"id":2692,"href":"https:\/\/www.mamarosa.fi\/blog\/index.php?rest_route=\/wp\/v2\/posts\/2688\/revisions\/2692"}],"wp:attachment":[{"href":"https:\/\/www.mamarosa.fi\/blog\/index.php?rest_route=%2Fwp%2Fv2%2Fmedia&parent=2688"}],"wp:term":[{"taxonomy":"category","embeddable":true,"href":"https:\/\/www.mamarosa.fi\/blog\/index.php?rest_route=%2Fwp%2Fv2%2Fcategories&post=2688"},{"taxonomy":"post_tag","embeddable":true,"href":"https:\/\/www.mamarosa.fi\/blog\/index.php?rest_route=%2Fwp%2Fv2%2Ftags&post=2688"}],"curies":[{"name":"wp","href":"https:\/\/api.w.org\/{rel}","templated":true}]}}