{"id":3250,"date":"2018-07-04T18:21:59","date_gmt":"2018-07-04T15:21:59","guid":{"rendered":"http:\/\/www.mamarosa.fi\/blog\/?p=3250"},"modified":"2018-07-05T12:37:42","modified_gmt":"2018-07-05T09:37:42","slug":"lisaa-jussia-kiitos","status":"publish","type":"post","link":"https:\/\/www.mamarosa.fi\/blog\/?p=3250","title":{"rendered":"Lis\u00e4\u00e4 jussia, kiitos"},"content":{"rendered":"<p><strong>Torstai 21.6.2018 Veneilykeskus, Oulu \u2013 Iin R\u00f6ytt\u00e4<\/strong> (20 mpk) \u2022 <a href=\"http:\/\/www.mamarosa.fi\/blog\/?page_id=1575&amp;date=2018-06-21\">reitti kartalla<\/a><\/p>\n<p><a href=\"http:\/\/www.mamarosa.fi\/blog\/wp-content\/uploads\/2018\/07\/20180621_193444.jpg\"><img loading=\"lazy\" class=\"alignnone size-large wp-image-3243\" src=\"http:\/\/www.mamarosa.fi\/blog\/wp-content\/uploads\/2018\/07\/20180621_193444-1024x768.jpg\" alt=\"\" width=\"625\" height=\"469\" srcset=\"https:\/\/www.mamarosa.fi\/blog\/wp-content\/uploads\/2018\/07\/20180621_193444-1024x768.jpg 1024w, https:\/\/www.mamarosa.fi\/blog\/wp-content\/uploads\/2018\/07\/20180621_193444-300x225.jpg 300w, https:\/\/www.mamarosa.fi\/blog\/wp-content\/uploads\/2018\/07\/20180621_193444-768x576.jpg 768w, https:\/\/www.mamarosa.fi\/blog\/wp-content\/uploads\/2018\/07\/20180621_193444-624x468.jpg 624w, https:\/\/www.mamarosa.fi\/blog\/wp-content\/uploads\/2018\/07\/20180621_193444.jpg 1920w\" sizes=\"(max-width: 625px) 100vw, 625px\" \/><\/a><\/p>\n<p>Mukava vetotuuli vei meid\u00e4t torstaina Iin R\u00f6ytt\u00e4\u00e4n.<\/p>\n<p><a href=\"http:\/\/www.mamarosa.fi\/blog\/wp-content\/uploads\/2018\/07\/20180621_194207.jpg\"><img loading=\"lazy\" class=\"alignnone size-large wp-image-3242\" src=\"http:\/\/www.mamarosa.fi\/blog\/wp-content\/uploads\/2018\/07\/20180621_194207-1024x845.jpg\" alt=\"\" width=\"625\" height=\"516\" srcset=\"https:\/\/www.mamarosa.fi\/blog\/wp-content\/uploads\/2018\/07\/20180621_194207-1024x845.jpg 1024w, https:\/\/www.mamarosa.fi\/blog\/wp-content\/uploads\/2018\/07\/20180621_194207-300x248.jpg 300w, https:\/\/www.mamarosa.fi\/blog\/wp-content\/uploads\/2018\/07\/20180621_194207-768x634.jpg 768w, https:\/\/www.mamarosa.fi\/blog\/wp-content\/uploads\/2018\/07\/20180621_194207-624x515.jpg 624w, https:\/\/www.mamarosa.fi\/blog\/wp-content\/uploads\/2018\/07\/20180621_194207.jpg 1920w\" sizes=\"(max-width: 625px) 100vw, 625px\" \/><\/a><\/p>\n<p>Chef Lotina valmisteli matkalla juhannusherkkuja. Tekeill\u00e4 oli voileip\u00e4kakku kreikkalaisella twistill\u00e4.<\/p>\n<p><a href=\"http:\/\/www.mamarosa.fi\/blog\/wp-content\/uploads\/2018\/07\/20180621_194341.jpg\"><img loading=\"lazy\" class=\"alignnone size-large wp-image-3241\" src=\"http:\/\/www.mamarosa.fi\/blog\/wp-content\/uploads\/2018\/07\/20180621_194341-1024x768.jpg\" alt=\"\" width=\"625\" height=\"469\" srcset=\"https:\/\/www.mamarosa.fi\/blog\/wp-content\/uploads\/2018\/07\/20180621_194341-1024x768.jpg 1024w, https:\/\/www.mamarosa.fi\/blog\/wp-content\/uploads\/2018\/07\/20180621_194341-300x225.jpg 300w, https:\/\/www.mamarosa.fi\/blog\/wp-content\/uploads\/2018\/07\/20180621_194341-768x576.jpg 768w, https:\/\/www.mamarosa.fi\/blog\/wp-content\/uploads\/2018\/07\/20180621_194341-624x468.jpg 624w, https:\/\/www.mamarosa.fi\/blog\/wp-content\/uploads\/2018\/07\/20180621_194341.jpg 1920w\" sizes=\"(max-width: 625px) 100vw, 625px\" \/><\/a><\/p>\n<p>Otto ja Emil piiloutuivat l\u00e4hes koko matkaksi keulapiikkiin. Ida viihtyi enemm\u00e4n sitloorassa \u2013 tosin l\u00e4hinn\u00e4 napsimassa p\u00e4\u00e4llyst\u00f6n ev\u00e4it\u00e4.<\/p>\n<p><a href=\"http:\/\/www.mamarosa.fi\/blog\/wp-content\/uploads\/2018\/07\/20180621_212552.jpg\"><img loading=\"lazy\" class=\"alignnone size-large wp-image-3240\" src=\"http:\/\/www.mamarosa.fi\/blog\/wp-content\/uploads\/2018\/07\/20180621_212552-1024x757.jpg\" alt=\"\" width=\"625\" height=\"462\" srcset=\"https:\/\/www.mamarosa.fi\/blog\/wp-content\/uploads\/2018\/07\/20180621_212552-1024x757.jpg 1024w, https:\/\/www.mamarosa.fi\/blog\/wp-content\/uploads\/2018\/07\/20180621_212552-300x222.jpg 300w, https:\/\/www.mamarosa.fi\/blog\/wp-content\/uploads\/2018\/07\/20180621_212552-768x568.jpg 768w, https:\/\/www.mamarosa.fi\/blog\/wp-content\/uploads\/2018\/07\/20180621_212552-624x462.jpg 624w, https:\/\/www.mamarosa.fi\/blog\/wp-content\/uploads\/2018\/07\/20180621_212552.jpg 1920w\" sizes=\"(max-width: 625px) 100vw, 625px\" \/><\/a><\/p>\n<p>Laitureihin tuli t\u00e4ytett\u00e4 illan mittaan, mutta tilaakin j\u00e4i.<\/p>\n<p><strong>Juhannusaatto 22.6.2018 Iin R\u00f6ytt\u00e4<\/strong><\/p>\n<p><a href=\"http:\/\/www.mamarosa.fi\/blog\/wp-content\/uploads\/2018\/07\/20180622_110306.jpg\"><img loading=\"lazy\" class=\"alignnone size-large wp-image-3239\" src=\"http:\/\/www.mamarosa.fi\/blog\/wp-content\/uploads\/2018\/07\/20180622_110306-1024x768.jpg\" alt=\"\" width=\"625\" height=\"469\" srcset=\"https:\/\/www.mamarosa.fi\/blog\/wp-content\/uploads\/2018\/07\/20180622_110306-1024x768.jpg 1024w, https:\/\/www.mamarosa.fi\/blog\/wp-content\/uploads\/2018\/07\/20180622_110306-300x225.jpg 300w, https:\/\/www.mamarosa.fi\/blog\/wp-content\/uploads\/2018\/07\/20180622_110306-768x576.jpg 768w, https:\/\/www.mamarosa.fi\/blog\/wp-content\/uploads\/2018\/07\/20180622_110306-624x468.jpg 624w, https:\/\/www.mamarosa.fi\/blog\/wp-content\/uploads\/2018\/07\/20180622_110306.jpg 1920w\" sizes=\"(max-width: 625px) 100vw, 625px\" \/><\/a><\/p>\n<p>Aamu saaressa oli perusjussia eli tuulta ja sadetta.<\/p>\n<p><a href=\"http:\/\/www.mamarosa.fi\/blog\/wp-content\/uploads\/2018\/07\/20180622_112659.jpg\"><img loading=\"lazy\" class=\"alignnone size-large wp-image-3238\" src=\"http:\/\/www.mamarosa.fi\/blog\/wp-content\/uploads\/2018\/07\/20180622_112659-1024x883.jpg\" alt=\"\" width=\"625\" height=\"539\" srcset=\"https:\/\/www.mamarosa.fi\/blog\/wp-content\/uploads\/2018\/07\/20180622_112659-1024x883.jpg 1024w, https:\/\/www.mamarosa.fi\/blog\/wp-content\/uploads\/2018\/07\/20180622_112659-300x259.jpg 300w, https:\/\/www.mamarosa.fi\/blog\/wp-content\/uploads\/2018\/07\/20180622_112659-768x662.jpg 768w, https:\/\/www.mamarosa.fi\/blog\/wp-content\/uploads\/2018\/07\/20180622_112659-624x538.jpg 624w, https:\/\/www.mamarosa.fi\/blog\/wp-content\/uploads\/2018\/07\/20180622_112659.jpg 1920w\" sizes=\"(max-width: 625px) 100vw, 625px\" \/><\/a><\/p>\n<p>V\u00e4lill\u00e4 tuuli kovaakin. Korkeimmillaan bongasin mittarista 20 m\/s.<\/p>\n<p><a href=\"http:\/\/www.mamarosa.fi\/blog\/wp-content\/uploads\/2018\/07\/20180622_124043.jpg\"><img loading=\"lazy\" class=\"alignnone size-large wp-image-3237\" src=\"http:\/\/www.mamarosa.fi\/blog\/wp-content\/uploads\/2018\/07\/20180622_124043-1024x786.jpg\" alt=\"\" width=\"625\" height=\"480\" srcset=\"https:\/\/www.mamarosa.fi\/blog\/wp-content\/uploads\/2018\/07\/20180622_124043-1024x786.jpg 1024w, https:\/\/www.mamarosa.fi\/blog\/wp-content\/uploads\/2018\/07\/20180622_124043-300x230.jpg 300w, https:\/\/www.mamarosa.fi\/blog\/wp-content\/uploads\/2018\/07\/20180622_124043-768x590.jpg 768w, https:\/\/www.mamarosa.fi\/blog\/wp-content\/uploads\/2018\/07\/20180622_124043-624x479.jpg 624w, https:\/\/www.mamarosa.fi\/blog\/wp-content\/uploads\/2018\/07\/20180622_124043.jpg 1920w\" sizes=\"(max-width: 625px) 100vw, 625px\" \/><\/a><\/p>\n<p>Laiturilla ei vietetty hilpe\u00e4sti keskikes\u00e4n juhlaa.<\/p>\n<p><a href=\"http:\/\/www.mamarosa.fi\/blog\/wp-content\/uploads\/2018\/07\/20180622_160056.jpg\"><img loading=\"lazy\" class=\"alignnone size-large wp-image-3236\" src=\"http:\/\/www.mamarosa.fi\/blog\/wp-content\/uploads\/2018\/07\/20180622_160056-1024x768.jpg\" alt=\"\" width=\"625\" height=\"469\" srcset=\"https:\/\/www.mamarosa.fi\/blog\/wp-content\/uploads\/2018\/07\/20180622_160056-1024x768.jpg 1024w, https:\/\/www.mamarosa.fi\/blog\/wp-content\/uploads\/2018\/07\/20180622_160056-300x225.jpg 300w, https:\/\/www.mamarosa.fi\/blog\/wp-content\/uploads\/2018\/07\/20180622_160056-768x576.jpg 768w, https:\/\/www.mamarosa.fi\/blog\/wp-content\/uploads\/2018\/07\/20180622_160056-624x468.jpg 624w, https:\/\/www.mamarosa.fi\/blog\/wp-content\/uploads\/2018\/07\/20180622_160056.jpg 1920w\" sizes=\"(max-width: 625px) 100vw, 625px\" \/><\/a><\/p>\n<p>Asenne on kuitenkin keli\u00e4 t\u00e4rke\u00e4mpi. S\u00e4\u00e4 on, mit\u00e4 on. Etuk\u00e4teen oli tiedossa, ett\u00e4 vett\u00e4 ja tuulta tulee riitt\u00e4m\u00e4\u00e4n. Suunnitelmat tehtiin sen mukaan.<\/p>\n<p><a href=\"http:\/\/www.mamarosa.fi\/blog\/wp-content\/uploads\/2018\/07\/20180622_163521.jpg\"><img loading=\"lazy\" class=\"alignnone size-large wp-image-3235\" src=\"http:\/\/www.mamarosa.fi\/blog\/wp-content\/uploads\/2018\/07\/20180622_163521-1024x768.jpg\" alt=\"\" width=\"625\" height=\"469\" srcset=\"https:\/\/www.mamarosa.fi\/blog\/wp-content\/uploads\/2018\/07\/20180622_163521-1024x768.jpg 1024w, https:\/\/www.mamarosa.fi\/blog\/wp-content\/uploads\/2018\/07\/20180622_163521-300x225.jpg 300w, https:\/\/www.mamarosa.fi\/blog\/wp-content\/uploads\/2018\/07\/20180622_163521-768x576.jpg 768w, https:\/\/www.mamarosa.fi\/blog\/wp-content\/uploads\/2018\/07\/20180622_163521-624x468.jpg 624w, https:\/\/www.mamarosa.fi\/blog\/wp-content\/uploads\/2018\/07\/20180622_163521.jpg 1920w\" sizes=\"(max-width: 625px) 100vw, 625px\" \/><\/a><\/p>\n<p>Kokoonnuimme Oulun purjehdusseuran majalle nauttimaan kello kuudentoista cavan voileip\u00e4kakun kera.<\/p>\n<p>Laiturille saavuttuani er\u00e4\u00e4n veneen kippari kertoi lainanneensa kumivenett\u00e4mme ja vieneen usealle veneelle toisen poijuk\u00f6yden. Toivoi, etten pahastu. En toki. Kiva kuulla, ett\u00e4 kumpparista on ollut todella hy\u00f6ty\u00e4.<\/p>\n<p><a href=\"http:\/\/www.mamarosa.fi\/blog\/wp-content\/uploads\/2018\/07\/20180622_234129.jpg\"><img loading=\"lazy\" class=\"alignnone size-large wp-image-3233\" src=\"http:\/\/www.mamarosa.fi\/blog\/wp-content\/uploads\/2018\/07\/20180622_234129-1024x635.jpg\" alt=\"\" width=\"625\" height=\"388\" srcset=\"https:\/\/www.mamarosa.fi\/blog\/wp-content\/uploads\/2018\/07\/20180622_234129-1024x635.jpg 1024w, https:\/\/www.mamarosa.fi\/blog\/wp-content\/uploads\/2018\/07\/20180622_234129-300x186.jpg 300w, https:\/\/www.mamarosa.fi\/blog\/wp-content\/uploads\/2018\/07\/20180622_234129-768x476.jpg 768w, https:\/\/www.mamarosa.fi\/blog\/wp-content\/uploads\/2018\/07\/20180622_234129-624x387.jpg 624w, https:\/\/www.mamarosa.fi\/blog\/wp-content\/uploads\/2018\/07\/20180622_234129.jpg 1920w\" sizes=\"(max-width: 625px) 100vw, 625px\" \/><\/a><\/p>\n<p>Kuuden pintaan nostimme juhlaliput. T\u00e4ll\u00e4 kertaa lippuja oli melkein joka mastossa \u2013 muutamassa tosin aika kummallisessa j\u00e4rjestyksess\u00e4.<\/p>\n<p><a href=\"http:\/\/www.mamarosa.fi\/blog\/wp-content\/uploads\/2018\/07\/20180622_220516.jpg\"><img loading=\"lazy\" class=\"alignnone size-large wp-image-3234\" src=\"http:\/\/www.mamarosa.fi\/blog\/wp-content\/uploads\/2018\/07\/20180622_220516-1024x768.jpg\" alt=\"\" width=\"625\" height=\"469\" srcset=\"https:\/\/www.mamarosa.fi\/blog\/wp-content\/uploads\/2018\/07\/20180622_220516-1024x768.jpg 1024w, https:\/\/www.mamarosa.fi\/blog\/wp-content\/uploads\/2018\/07\/20180622_220516-300x225.jpg 300w, https:\/\/www.mamarosa.fi\/blog\/wp-content\/uploads\/2018\/07\/20180622_220516-768x576.jpg 768w, https:\/\/www.mamarosa.fi\/blog\/wp-content\/uploads\/2018\/07\/20180622_220516-624x468.jpg 624w, https:\/\/www.mamarosa.fi\/blog\/wp-content\/uploads\/2018\/07\/20180622_220516.jpg 1920w\" sizes=\"(max-width: 625px) 100vw, 625px\" \/><\/a><\/p>\n<p>Illansuussa p\u00e4\u00e4simme toisiinkin juhliin. Kolme veneilij\u00e4\u00e4 vietti yhdess\u00e4 170-vuotisjuhlaa. Syntt\u00e4riherkut olivat mainioita ja tunnelma viel\u00e4kin parempi.<\/p>\n<p>Tuuli ei ollut en\u00e4\u00e4 yht\u00e4 voimakas kuin p\u00e4iv\u00e4ll\u00e4, mutta kyll\u00e4 sit\u00e4 riitti. Hiukan hirvitti, kun kokosta leijui kipin\u00f6it\u00e4 kauas, mutta onneksi ymp\u00e4rist\u00f6 oli sateen j\u00e4ljilt\u00e4 m\u00e4rk\u00e4.<\/p>\n<p><a href=\"http:\/\/www.mamarosa.fi\/blog\/wp-content\/uploads\/2018\/07\/20180623_000518.jpg\"><img loading=\"lazy\" class=\"alignnone size-large wp-image-3232\" src=\"http:\/\/www.mamarosa.fi\/blog\/wp-content\/uploads\/2018\/07\/20180623_000518-1024x751.jpg\" alt=\"\" width=\"625\" height=\"458\" srcset=\"https:\/\/www.mamarosa.fi\/blog\/wp-content\/uploads\/2018\/07\/20180623_000518-1024x751.jpg 1024w, https:\/\/www.mamarosa.fi\/blog\/wp-content\/uploads\/2018\/07\/20180623_000518-300x220.jpg 300w, https:\/\/www.mamarosa.fi\/blog\/wp-content\/uploads\/2018\/07\/20180623_000518-768x563.jpg 768w, https:\/\/www.mamarosa.fi\/blog\/wp-content\/uploads\/2018\/07\/20180623_000518-624x458.jpg 624w, https:\/\/www.mamarosa.fi\/blog\/wp-content\/uploads\/2018\/07\/20180623_000518.jpg 1920w\" sizes=\"(max-width: 625px) 100vw, 625px\" \/><\/a><\/p>\n<p>Kokko oli komea ja makkarat maistuivat viel\u00e4 iltapalaksi.<\/p>\n<p><strong>Juhannusp\u00e4iv\u00e4 23.6.2018 Iin R\u00f6ytt\u00e4<\/strong><\/p>\n<p><a href=\"http:\/\/www.mamarosa.fi\/blog\/wp-content\/uploads\/2018\/07\/20180623_183759.jpg\"><img loading=\"lazy\" class=\"alignnone size-large wp-image-3249\" src=\"http:\/\/www.mamarosa.fi\/blog\/wp-content\/uploads\/2018\/07\/20180623_183759-1024x603.jpg\" alt=\"\" width=\"625\" height=\"368\" srcset=\"https:\/\/www.mamarosa.fi\/blog\/wp-content\/uploads\/2018\/07\/20180623_183759-1024x603.jpg 1024w, https:\/\/www.mamarosa.fi\/blog\/wp-content\/uploads\/2018\/07\/20180623_183759-300x177.jpg 300w, https:\/\/www.mamarosa.fi\/blog\/wp-content\/uploads\/2018\/07\/20180623_183759-768x452.jpg 768w, https:\/\/www.mamarosa.fi\/blog\/wp-content\/uploads\/2018\/07\/20180623_183759-624x367.jpg 624w, https:\/\/www.mamarosa.fi\/blog\/wp-content\/uploads\/2018\/07\/20180623_183759.jpg 1920w\" sizes=\"(max-width: 625px) 100vw, 625px\" \/><\/a><\/p>\n<p>Lauantai oli j\u00e4lleen tuulinen.<\/p>\n<p>Chef Lotina piti sataman lapsille vohvelikestit R\u00f6yt\u00e4n Messiss\u00e4 eli veneilij\u00f6iden yhteisess\u00e4 kes\u00e4keitti\u00f6ss\u00e4. Kermavaahdolla ja mansikkahillolla ryyditettyj\u00e4 herkkuja oli iso kasa, mutta aikuisten ei tarvinnut paljon auttaa \u2013 valitettavasti. Valokuvakin j\u00e4i siin\u00e4 tiimellyksess\u00e4 ottamatta.<\/p>\n<p>Pohjoisesta saapui moottoripurjehtija. Meit\u00e4 taisi olla 4 \u2013 5 miest\u00e4 ottamassa sit\u00e4 vastaan. Hyv\u00e4, ett\u00e4 oli. Sivu tuuli painoi voimakkaasti ja jokaisesta k\u00e4siparista oli apua. Vieraat saatiin vastaanotettua ilman pient\u00e4k\u00e4\u00e4n kolhua veneeseen tai itsetuntoon. He olivat silminn\u00e4hden helpottuneita p\u00e4\u00e4sty\u00e4\u00e4n turvallisesti perille. Hymykin irtosi, kun tarjosimme heille l\u00e4mpim\u00e4n saunan.<\/p>\n<p>Oulun meripelastajat p\u00e4ivystiv\u00e4t. My\u00f6s heille tarjosimme saunan.<\/p>\n<p><a href=\"http:\/\/www.mamarosa.fi\/blog\/wp-content\/uploads\/2018\/07\/20180623_183807.jpg\"><img loading=\"lazy\" class=\"alignnone size-large wp-image-3248\" src=\"http:\/\/www.mamarosa.fi\/blog\/wp-content\/uploads\/2018\/07\/20180623_183807-1024x572.jpg\" alt=\"\" width=\"625\" height=\"349\" srcset=\"https:\/\/www.mamarosa.fi\/blog\/wp-content\/uploads\/2018\/07\/20180623_183807-1024x572.jpg 1024w, https:\/\/www.mamarosa.fi\/blog\/wp-content\/uploads\/2018\/07\/20180623_183807-300x168.jpg 300w, https:\/\/www.mamarosa.fi\/blog\/wp-content\/uploads\/2018\/07\/20180623_183807-768x429.jpg 768w, https:\/\/www.mamarosa.fi\/blog\/wp-content\/uploads\/2018\/07\/20180623_183807-624x349.jpg 624w, https:\/\/www.mamarosa.fi\/blog\/wp-content\/uploads\/2018\/07\/20180623_183807.jpg 1920w\" sizes=\"(max-width: 625px) 100vw, 625px\" \/><\/a><\/p>\n<p>Maalaituri ei ole viel\u00e4k\u00e4\u00e4n valmis, mutta sen verran loppusuoralla kuitenkin, ett\u00e4 meripelastajat p\u00e4\u00e4siv\u00e4t siihen kiinni.<\/p>\n<p>Meill\u00e4 k\u00e4vi vieraita ja me kyl\u00e4ilimme useassa veneess\u00e4. Veneilij\u00e4t ovat yleens\u00e4 hyvin sosiaalista v\u00e4ke\u00e4. Kokemuksia jaetaan mielell\u00e4\u00e4n hyvist\u00e4 kohteista \u2013 ja huonoista.<\/p>\n<p><a href=\"http:\/\/www.mamarosa.fi\/blog\/wp-content\/uploads\/2018\/07\/20180623_203923.jpg\"><img loading=\"lazy\" class=\"alignnone size-large wp-image-3247\" src=\"http:\/\/www.mamarosa.fi\/blog\/wp-content\/uploads\/2018\/07\/20180623_203923-1024x701.jpg\" alt=\"\" width=\"625\" height=\"428\" srcset=\"https:\/\/www.mamarosa.fi\/blog\/wp-content\/uploads\/2018\/07\/20180623_203923-1024x701.jpg 1024w, https:\/\/www.mamarosa.fi\/blog\/wp-content\/uploads\/2018\/07\/20180623_203923-300x205.jpg 300w, https:\/\/www.mamarosa.fi\/blog\/wp-content\/uploads\/2018\/07\/20180623_203923-768x526.jpg 768w, https:\/\/www.mamarosa.fi\/blog\/wp-content\/uploads\/2018\/07\/20180623_203923-624x427.jpg 624w, https:\/\/www.mamarosa.fi\/blog\/wp-content\/uploads\/2018\/07\/20180623_203923.jpg 1920w\" sizes=\"(max-width: 625px) 100vw, 625px\" \/><\/a><\/p>\n<p>Miehist\u00f6 p\u00f6rr\u00e4si kumppareilla. Tuuli oli iltaan asti niin rivakka, ett\u00e4 emme p\u00e4\u00e4sseet tekem\u00e4\u00e4n suunniteltua kumpparieskaaderia Satakarin laguuniin. Toisella kertaa.<\/p>\n<p><strong>Sunnuntai 24.6.2018 Iin R\u00f6ytt\u00e4 \u2013 Veneilykeskus, Oulu<\/strong> (20 mpk) \u2022 <a href=\"http:\/\/www.mamarosa.fi\/blog\/?page_id=1575&amp;date=2018-06-24\">reitti kartalla<\/a><\/p>\n<p><a href=\"http:\/\/www.mamarosa.fi\/blog\/wp-content\/uploads\/2018\/07\/20180624_120542.jpg\"><img loading=\"lazy\" class=\"alignnone size-large wp-image-3246\" src=\"http:\/\/www.mamarosa.fi\/blog\/wp-content\/uploads\/2018\/07\/20180624_120542-1024x752.jpg\" alt=\"\" width=\"625\" height=\"459\" srcset=\"https:\/\/www.mamarosa.fi\/blog\/wp-content\/uploads\/2018\/07\/20180624_120542-1024x752.jpg 1024w, https:\/\/www.mamarosa.fi\/blog\/wp-content\/uploads\/2018\/07\/20180624_120542-300x220.jpg 300w, https:\/\/www.mamarosa.fi\/blog\/wp-content\/uploads\/2018\/07\/20180624_120542-768x564.jpg 768w, https:\/\/www.mamarosa.fi\/blog\/wp-content\/uploads\/2018\/07\/20180624_120542-624x458.jpg 624w, https:\/\/www.mamarosa.fi\/blog\/wp-content\/uploads\/2018\/07\/20180624_120542.jpg 1920w\" sizes=\"(max-width: 625px) 100vw, 625px\" \/><\/a><\/p>\n<p>Kanssaveneilij\u00f6ill\u00e4 oli taas sunnuntaikiire. Veneet kaikkosivat satamasta heti aamusta.<\/p>\n<p><a href=\"http:\/\/www.mamarosa.fi\/blog\/wp-content\/uploads\/2018\/07\/20180624_125845.jpg\"><img loading=\"lazy\" class=\"alignnone size-large wp-image-3245\" src=\"http:\/\/www.mamarosa.fi\/blog\/wp-content\/uploads\/2018\/07\/20180624_125845-1024x690.jpg\" alt=\"\" width=\"625\" height=\"421\" srcset=\"https:\/\/www.mamarosa.fi\/blog\/wp-content\/uploads\/2018\/07\/20180624_125845-1024x690.jpg 1024w, https:\/\/www.mamarosa.fi\/blog\/wp-content\/uploads\/2018\/07\/20180624_125845-300x202.jpg 300w, https:\/\/www.mamarosa.fi\/blog\/wp-content\/uploads\/2018\/07\/20180624_125845-768x517.jpg 768w, https:\/\/www.mamarosa.fi\/blog\/wp-content\/uploads\/2018\/07\/20180624_125845-624x420.jpg 624w, https:\/\/www.mamarosa.fi\/blog\/wp-content\/uploads\/2018\/07\/20180624_125845.jpg 1920w\" sizes=\"(max-width: 625px) 100vw, 625px\" \/><\/a><\/p>\n<p>Kun juhannus alkoi olla ohi, niin s\u00e4\u00e4 oli muuttunut j\u00e4lleen varsin kauniiksi. Niinp\u00e4 tietenkin. Pojat uskaltautuivat uimaan.<\/p>\n<p><a href=\"http:\/\/www.mamarosa.fi\/blog\/wp-content\/uploads\/2018\/07\/20180624_174929.jpg\"><img loading=\"lazy\" class=\"alignnone size-large wp-image-3244\" src=\"http:\/\/www.mamarosa.fi\/blog\/wp-content\/uploads\/2018\/07\/20180624_174929-1024x695.jpg\" alt=\"\" width=\"625\" height=\"424\" srcset=\"https:\/\/www.mamarosa.fi\/blog\/wp-content\/uploads\/2018\/07\/20180624_174929-1024x695.jpg 1024w, https:\/\/www.mamarosa.fi\/blog\/wp-content\/uploads\/2018\/07\/20180624_174929-300x204.jpg 300w, https:\/\/www.mamarosa.fi\/blog\/wp-content\/uploads\/2018\/07\/20180624_174929-768x522.jpg 768w, https:\/\/www.mamarosa.fi\/blog\/wp-content\/uploads\/2018\/07\/20180624_174929-624x424.jpg 624w, https:\/\/www.mamarosa.fi\/blog\/wp-content\/uploads\/2018\/07\/20180624_174929.jpg 1920w\" sizes=\"(max-width: 625px) 100vw, 625px\" \/><\/a><\/p>\n<p>Osan matkasta kotiin saimme purjehtia, mutta koko matkalle tuulta ei oikein riitt\u00e4nyt.<\/p>\n","protected":false},"excerpt":{"rendered":"<p>Torstai 21.6.2018 Veneilykeskus, Oulu \u2013 Iin R\u00f6ytt\u00e4 (20 mpk) \u2022 reitti kartalla Mukava vetotuuli vei meid\u00e4t torstaina Iin R\u00f6ytt\u00e4\u00e4n. Chef Lotina valmisteli matkalla juhannusherkkuja. Tekeill\u00e4 oli voileip\u00e4kakku kreikkalaisella twistill\u00e4. Otto ja Emil piiloutuivat l\u00e4hes koko matkaksi keulapiikkiin. Ida viihtyi enemm\u00e4n sitloorassa \u2013 tosin l\u00e4hinn\u00e4 napsimassa p\u00e4\u00e4llyst\u00f6n ev\u00e4it\u00e4. Laitureihin tuli t\u00e4ytett\u00e4 illan mittaan, mutta tilaakin j\u00e4i. [&hellip;]<\/p>\n","protected":false},"author":2,"featured_media":0,"comment_status":"open","ping_status":"open","sticky":false,"template":"","format":"standard","meta":{"_mi_skip_tracking":false,"jetpack_publicize_message":"","jetpack_is_tweetstorm":false,"jetpack_publicize_feature_enabled":true},"categories":[1],"tags":[],"jetpack_publicize_connections":[],"jetpack_featured_media_url":"","jetpack_sharing_enabled":true,"jetpack_shortlink":"https:\/\/wp.me\/p5Jzdp-Qq","_links":{"self":[{"href":"https:\/\/www.mamarosa.fi\/blog\/index.php?rest_route=\/wp\/v2\/posts\/3250"}],"collection":[{"href":"https:\/\/www.mamarosa.fi\/blog\/index.php?rest_route=\/wp\/v2\/posts"}],"about":[{"href":"https:\/\/www.mamarosa.fi\/blog\/index.php?rest_route=\/wp\/v2\/types\/post"}],"author":[{"embeddable":true,"href":"https:\/\/www.mamarosa.fi\/blog\/index.php?rest_route=\/wp\/v2\/users\/2"}],"replies":[{"embeddable":true,"href":"https:\/\/www.mamarosa.fi\/blog\/index.php?rest_route=%2Fwp%2Fv2%2Fcomments&post=3250"}],"version-history":[{"count":2,"href":"https:\/\/www.mamarosa.fi\/blog\/index.php?rest_route=\/wp\/v2\/posts\/3250\/revisions"}],"predecessor-version":[{"id":3260,"href":"https:\/\/www.mamarosa.fi\/blog\/index.php?rest_route=\/wp\/v2\/posts\/3250\/revisions\/3260"}],"wp:attachment":[{"href":"https:\/\/www.mamarosa.fi\/blog\/index.php?rest_route=%2Fwp%2Fv2%2Fmedia&parent=3250"}],"wp:term":[{"taxonomy":"category","embeddable":true,"href":"https:\/\/www.mamarosa.fi\/blog\/index.php?rest_route=%2Fwp%2Fv2%2Fcategories&post=3250"},{"taxonomy":"post_tag","embeddable":true,"href":"https:\/\/www.mamarosa.fi\/blog\/index.php?rest_route=%2Fwp%2Fv2%2Ftags&post=3250"}],"curies":[{"name":"wp","href":"https:\/\/api.w.org\/{rel}","templated":true}]}}